{"id":255,"date":"2020-12-24T15:44:40","date_gmt":"2020-12-24T14:44:40","guid":{"rendered":"http:\/\/geringeneer.de\/?p=255"},"modified":"2020-12-24T15:47:29","modified_gmt":"2020-12-24T14:47:29","slug":"akustische-raumoptimierung-mit-einer-bettdecke","status":"publish","type":"post","link":"http:\/\/geringeneer.de\/?p=255","title":{"rendered":"Akustische Raumoptimierung mit einer Bettdecke"},"content":{"rendered":"\n<p>Nach der erfolgreichen Optimierung der Raumakustik mit <a href=\"http:\/\/geringeneer.de\/?p=238\" data-type=\"post\" data-id=\"238\">Ikea-Kissen<\/a> habe ich mich an die n\u00e4chste Baustelle gemacht: die insgesamt 2,20m breiten Fenster.<\/p>\n\n\n\n<figure class=\"wp-block-image size-large\"><img loading=\"lazy\" decoding=\"async\" width=\"1024\" height=\"683\" src=\"http:\/\/geringeneer.de\/wp-content\/uploads\/2020\/12\/DSC05247-1-1024x683.jpg\" alt=\"\" class=\"wp-image-257\" srcset=\"http:\/\/geringeneer.de\/wp-content\/uploads\/2020\/12\/DSC05247-1-1024x683.jpg 1024w, http:\/\/geringeneer.de\/wp-content\/uploads\/2020\/12\/DSC05247-1-300x200.jpg 300w, http:\/\/geringeneer.de\/wp-content\/uploads\/2020\/12\/DSC05247-1-768x512.jpg 768w, http:\/\/geringeneer.de\/wp-content\/uploads\/2020\/12\/DSC05247-1-1536x1024.jpg 1536w, http:\/\/geringeneer.de\/wp-content\/uploads\/2020\/12\/DSC05247-1.jpg 2048w\" sizes=\"auto, (max-width: 1024px) 100vw, 1024px\" \/><\/figure>\n\n\n\n<p>Nat\u00fcrlich gibt es teure d\u00fcnne durchsichtige Akustikvorh\u00e4nge mit hervorragenden D\u00e4mmeigenschaften &#8211; aber leider nur auf dem Papier. Wer noch daran glaubt, sollte es einmal <a href=\"http:\/\/www.acousticmodelling.com\/porous.php\">simulieren<\/a>. <\/p>\n\n\n\n<p>Ziel der Ma\u00dfnahme war es, Schall bis in den unteren Frequenzbereich nennenswert zu absorbieren &#8211; aber gleichzeitig noch die Nutzung der Fenster als solche erm\u00f6glichen. Um dies zu erreichen, habe ich eine 2,60 x 2,20m gro\u00dfe Winterbettdecke mit Gardinenrollen versehen und an einer Gardinenschiene an der Decke aufgeh\u00e4ngt. Die Bettdecke ist dabei l\u00e4ngs gefaltet, was die Dicke des Absorbers nochmal verdoppelt.<\/p>\n\n\n\n<figure class=\"wp-block-image size-large\"><img loading=\"lazy\" decoding=\"async\" width=\"1024\" height=\"768\" src=\"http:\/\/geringeneer.de\/wp-content\/uploads\/2020\/12\/IMG_1869-1024x768.jpg\" alt=\"\" class=\"wp-image-258\" srcset=\"http:\/\/geringeneer.de\/wp-content\/uploads\/2020\/12\/IMG_1869-1024x768.jpg 1024w, http:\/\/geringeneer.de\/wp-content\/uploads\/2020\/12\/IMG_1869-300x225.jpg 300w, http:\/\/geringeneer.de\/wp-content\/uploads\/2020\/12\/IMG_1869-768x576.jpg 768w, http:\/\/geringeneer.de\/wp-content\/uploads\/2020\/12\/IMG_1869-1536x1152.jpg 1536w, http:\/\/geringeneer.de\/wp-content\/uploads\/2020\/12\/IMG_1869-2048x1536.jpg 2048w\" sizes=\"auto, (max-width: 1024px) 100vw, 1024px\" \/><\/figure>\n\n\n\n<p>Bei Bedarf kann der Absorber nun ganz einfach vor das Fenster gezogen oder in der Ecke verstaut werden.<\/p>\n\n\n\n<figure class=\"wp-block-image size-large\"><img loading=\"lazy\" decoding=\"async\" width=\"1024\" height=\"683\" src=\"http:\/\/geringeneer.de\/wp-content\/uploads\/2020\/12\/DSC05246-1024x683.jpg\" alt=\"\" class=\"wp-image-259\" srcset=\"http:\/\/geringeneer.de\/wp-content\/uploads\/2020\/12\/DSC05246-1024x683.jpg 1024w, http:\/\/geringeneer.de\/wp-content\/uploads\/2020\/12\/DSC05246-300x200.jpg 300w, http:\/\/geringeneer.de\/wp-content\/uploads\/2020\/12\/DSC05246-768x512.jpg 768w, http:\/\/geringeneer.de\/wp-content\/uploads\/2020\/12\/DSC05246-1536x1024.jpg 1536w, http:\/\/geringeneer.de\/wp-content\/uploads\/2020\/12\/DSC05246.jpg 2048w\" sizes=\"auto, (max-width: 1024px) 100vw, 1024px\" \/><\/figure>\n\n\n\n<p>Die Dicke betr\u00e4gt min. 200mm und den Abstand zum Fenster habe ich f\u00fcr die Simulation mit 70mm gemittelt. Der Str\u00f6mungswiderstand ist gesch\u00e4tzt, sollte aber grob stimmen und ist ohnehin nicht sehr kritisch wie man erkennen kann, wenn man den Wert in der Simulation nach oben oder nach unten ver\u00e4ndert.<\/p>\n\n\n\n<figure class=\"wp-block-image size-large\"><img loading=\"lazy\" decoding=\"async\" width=\"1024\" height=\"774\" src=\"http:\/\/geringeneer.de\/wp-content\/uploads\/2020\/12\/Simulation-1024x774.png\" alt=\"\" class=\"wp-image-260\" srcset=\"http:\/\/geringeneer.de\/wp-content\/uploads\/2020\/12\/Simulation-1024x774.png 1024w, http:\/\/geringeneer.de\/wp-content\/uploads\/2020\/12\/Simulation-300x227.png 300w, http:\/\/geringeneer.de\/wp-content\/uploads\/2020\/12\/Simulation-768x581.png 768w, http:\/\/geringeneer.de\/wp-content\/uploads\/2020\/12\/Simulation.png 1026w\" sizes=\"auto, (max-width: 1024px) 100vw, 1024px\" \/><\/figure>\n\n\n\n<p>Wie man der Simulation entnehmen kann, zeigt der Absorber bereits ab 100Hz gute Absorptionswerte.<\/p>\n","protected":false},"excerpt":{"rendered":"<p>Nach der erfolgreichen Optimierung der Raumakustik mit Ikea-Kissen habe ich mich an die n\u00e4chste Baustelle gemacht: die insgesamt 2,20m breiten Fenster. Nat\u00fcrlich gibt es teure d\u00fcnne durchsichtige Akustikvorh\u00e4nge mit hervorragenden D\u00e4mmeigenschaften &#8211; aber leider nur auf dem Papier. Wer noch daran glaubt, sollte es einmal simulieren. Ziel der Ma\u00dfnahme war es, Schall bis in den <a class=\"more-link\" href=\"http:\/\/geringeneer.de\/?p=255\">Weiterlesen&#8230;<\/a><\/p>\n","protected":false},"author":1,"featured_media":0,"comment_status":"closed","ping_status":"closed","sticky":false,"template":"","format":"standard","meta":{"footnotes":""},"categories":[10,11],"tags":[],"class_list":["post-255","post","type-post","status-publish","format-standard","hentry","category-messtechnik","category-raumakustik"],"_links":{"self":[{"href":"http:\/\/geringeneer.de\/index.php?rest_route=\/wp\/v2\/posts\/255","targetHints":{"allow":["GET"]}}],"collection":[{"href":"http:\/\/geringeneer.de\/index.php?rest_route=\/wp\/v2\/posts"}],"about":[{"href":"http:\/\/geringeneer.de\/index.php?rest_route=\/wp\/v2\/types\/post"}],"author":[{"embeddable":true,"href":"http:\/\/geringeneer.de\/index.php?rest_route=\/wp\/v2\/users\/1"}],"replies":[{"embeddable":true,"href":"http:\/\/geringeneer.de\/index.php?rest_route=%2Fwp%2Fv2%2Fcomments&post=255"}],"version-history":[{"count":1,"href":"http:\/\/geringeneer.de\/index.php?rest_route=\/wp\/v2\/posts\/255\/revisions"}],"predecessor-version":[{"id":262,"href":"http:\/\/geringeneer.de\/index.php?rest_route=\/wp\/v2\/posts\/255\/revisions\/262"}],"wp:attachment":[{"href":"http:\/\/geringeneer.de\/index.php?rest_route=%2Fwp%2Fv2%2Fmedia&parent=255"}],"wp:term":[{"taxonomy":"category","embeddable":true,"href":"http:\/\/geringeneer.de\/index.php?rest_route=%2Fwp%2Fv2%2Fcategories&post=255"},{"taxonomy":"post_tag","embeddable":true,"href":"http:\/\/geringeneer.de\/index.php?rest_route=%2Fwp%2Fv2%2Ftags&post=255"}],"curies":[{"name":"wp","href":"https:\/\/api.w.org\/{rel}","templated":true}]}}